{"id":9018,"date":"2022-12-15T19:25:00","date_gmt":"2022-12-15T19:25:00","guid":{"rendered":"https:\/\/polpharmabiologics.com\/?p=9018"},"modified":"2025-04-14T08:11:21","modified_gmt":"2025-04-14T08:11:21","slug":"rozmowa-w-radio-gdansk-na-temat-polskiego-sektora-biotechnologicznego-w-polsce","status":"publish","type":"post","link":"https:\/\/polpharmabiologics.com\/pl\/rozmowa-w-radio-gdansk-na-temat-polskiego-sektora-biotechnologicznego-w-polsce\/","title":{"rendered":"Rozmowa w Radio Gda\u0144sk na temat polskiego sektora biotechnologicznego w Polsce"},"content":{"rendered":"\n<p>Piotr Korycki w Radiu Gda\u0144sk o szansach, jakie otwieraj\u0105 si\u0119 przed Polpharma Biologics i ca\u0142ym sektorem biotechnologicznym po otrzymaniu certyfikat\u00f3w FDA i EMA na dystrybucj\u0119 pierwszego leku biotechnologicznego wyprodukowanego w Polsce.<\/p>\n\n\n\n<p>Piotr Korycki, prezes Polpharma Biologics S.A., na antenie Radia Gda\u0144sk opowiedzia\u0142 o ostatnim sukcesie sp\u00f3\u0142ki. Produkowany w gda\u0144skim Centrum Rozwoju i Produkcji Polpharma Biologics lek biologiczny jako pierwszy w Polsce otrzyma\u0142 certyfikaty FDA i EMA dopuszczaj\u0105ce go do rynku ameryka\u0144skiego i europejskiego. W rozmowie uczestniczy\u0142 r\u00f3wnie\u017c Przemys\u0142aw Sztandera, prezes Pomorskiej Specjalnej Strefy Ekonomicznej, kt\u00f3ra istotnie przyczyni\u0142a si\u0119 do realizacji tego prze\u0142omowego dla polskiego sektora biotechnologicznego wydarzenia. Odpowiedzi na pytania: jak otrzymany certyfikat wp\u0142ynie na rozw\u00f3j firmy i co on oznacza dla potencjalnych pacjent\u00f3w znajd\u0105 Pa\u0144stwo w zamieszczonym przez redakcj\u0119 nagraniu.<\/p>\n\n\n\n<p>Serdecznie zapraszamy do ods\u0142uchania:&nbsp;<a href=\"http:\/\/radiogdansk.pl\/audycje\/ludzie-i-pieniadze\/2022\/12\/13\/pierwszy-polski-producent-lekow-z-certyfikatem-fda-jest-to-technologia-na-poziomie-kosmicznym\/\">LINK<\/a><\/p>\n","protected":false},"excerpt":{"rendered":"<p>Piotr Korycki w Radiu Gda\u0144sk o szansach, jakie otwieraj\u0105 si\u0119 przed Polpharma Biologics i ca\u0142ym sektorem biotechnologi&#8230;<\/p>\n","protected":false},"author":7,"featured_media":7338,"comment_status":"closed","ping_status":"open","sticky":false,"template":"","format":"standard","meta":{"footnotes":""},"categories":[13],"tags":[33],"class_list":["post-9018","post","type-post","status-publish","format-standard","has-post-thumbnail","hentry","category-artykuly","tag-wywiady"],"_links":{"self":[{"href":"https:\/\/polpharmabiologics.com\/pl\/wp-json\/wp\/v2\/posts\/9018","targetHints":{"allow":["GET"]}}],"collection":[{"href":"https:\/\/polpharmabiologics.com\/pl\/wp-json\/wp\/v2\/posts"}],"about":[{"href":"https:\/\/polpharmabiologics.com\/pl\/wp-json\/wp\/v2\/types\/post"}],"author":[{"embeddable":true,"href":"https:\/\/polpharmabiologics.com\/pl\/wp-json\/wp\/v2\/users\/7"}],"replies":[{"embeddable":true,"href":"https:\/\/polpharmabiologics.com\/pl\/wp-json\/wp\/v2\/comments?post=9018"}],"version-history":[{"count":0,"href":"https:\/\/polpharmabiologics.com\/pl\/wp-json\/wp\/v2\/posts\/9018\/revisions"}],"wp:featuredmedia":[{"embeddable":true,"href":"https:\/\/polpharmabiologics.com\/pl\/wp-json\/wp\/v2\/media\/7338"}],"wp:attachment":[{"href":"https:\/\/polpharmabiologics.com\/pl\/wp-json\/wp\/v2\/media?parent=9018"}],"wp:term":[{"taxonomy":"category","embeddable":true,"href":"https:\/\/polpharmabiologics.com\/pl\/wp-json\/wp\/v2\/categories?post=9018"},{"taxonomy":"post_tag","embeddable":true,"href":"https:\/\/polpharmabiologics.com\/pl\/wp-json\/wp\/v2\/tags?post=9018"}],"curies":[{"name":"wp","href":"https:\/\/api.w.org\/{rel}","templated":true}]}}